{"id":1597,"date":"2022-05-03T14:06:50","date_gmt":"2022-05-03T14:06:50","guid":{"rendered":"https:\/\/energiesconcept31.fr\/?p=469"},"modified":"2024-12-06T14:21:07","modified_gmt":"2024-12-06T13:21:07","slug":"installation-borne-pour-voiture-electrique","status":"publish","type":"post","link":"https:\/\/dev.agence-novo.com\/ec31\/installation-borne-pour-voiture-electrique\/","title":{"rendered":"Borne pour voiture \u00e9lectrique Wallbox"},"content":{"rendered":"<p style=\"text-align: justify;\">Cette semaine, retour sur une de nos derni\u00e8res installations de borne pour voiture \u00e9lectrique \/ hybride rechargeable.<br \/>\nNotre client nous a sollicit\u00e9s pour effectuer la pose d&rsquo;une borne \u00e9lectrique \u00e0 son domicile de VILLAUDRIC (31). La borne de recharge pour laquelle il a opt\u00e9 est un de nos mod\u00e8les phares : la COPPER SB en 7,4 kW de la marque espagnole <a href=\"https:\/\/wallbox.com\/fr_fr\/\" target=\"_blank\" rel=\"noopener\">Wallbox Chargers<\/a>. En plus d\u2019\u00eatre un mod\u00e8le compact et fiable, son prix est parmi les plus bas du march\u00e9. De plus, nos clients appr\u00e9cient beaucoup son design \u00e9pur\u00e9&#8230;<br \/>\nDes questions sur ce mod\u00e8le ? Contactez-nous en cliquant <a href=\"https:\/\/energiesconcept31.fr\/contact\/\" target=\"_blank\" rel=\"noopener\">ICI<\/a> !<\/p>\n<p>ENERGIES CONCEPT installe votre borne pour voiture \u00e9lectrique, pour plus de renseignements sur nos prestations, rendez-vous <a href=\"https:\/\/energiesconcept31.fr\/borne-de-recharge-pour-vehicule-electrique\/\" target=\"_blank\" rel=\"noopener\">ICI<\/a> !<\/p>\n","protected":false},"excerpt":{"rendered":"<p>Cette semaine, retour sur une de nos derni\u00e8res installations de borne de recharge pour v\u00e9hicules \u00e9lectriques \/ hybrides rechargeables. Notre client nous a sollicit\u00e9 pour effectuer la pose d&rsquo;une borne \u00e9lectrique chez lui \u00e0 Villaudric (31). La borne pour laquelle il a opt\u00e9 est un de nos mod\u00e8le phare : la Copper SB en 7,4 kW de la marque espagnole Wallbox Chargers.<\/p>\n","protected":false},"author":1,"featured_media":1636,"comment_status":"closed","ping_status":"closed","sticky":false,"template":"","format":"standard","meta":{"_acf_changed":false,"footnotes":""},"categories":[9],"tags":[],"class_list":["post-1597","post","type-post","status-publish","format-standard","has-post-thumbnail","hentry","category-chantier"],"acf":[],"_links":{"self":[{"href":"https:\/\/dev.agence-novo.com\/ec31\/wp-json\/wp\/v2\/posts\/1597","targetHints":{"allow":["GET"]}}],"collection":[{"href":"https:\/\/dev.agence-novo.com\/ec31\/wp-json\/wp\/v2\/posts"}],"about":[{"href":"https:\/\/dev.agence-novo.com\/ec31\/wp-json\/wp\/v2\/types\/post"}],"author":[{"embeddable":true,"href":"https:\/\/dev.agence-novo.com\/ec31\/wp-json\/wp\/v2\/users\/1"}],"replies":[{"embeddable":true,"href":"https:\/\/dev.agence-novo.com\/ec31\/wp-json\/wp\/v2\/comments?post=1597"}],"version-history":[{"count":2,"href":"https:\/\/dev.agence-novo.com\/ec31\/wp-json\/wp\/v2\/posts\/1597\/revisions"}],"predecessor-version":[{"id":1656,"href":"https:\/\/dev.agence-novo.com\/ec31\/wp-json\/wp\/v2\/posts\/1597\/revisions\/1656"}],"wp:featuredmedia":[{"embeddable":true,"href":"https:\/\/dev.agence-novo.com\/ec31\/wp-json\/wp\/v2\/media\/1636"}],"wp:attachment":[{"href":"https:\/\/dev.agence-novo.com\/ec31\/wp-json\/wp\/v2\/media?parent=1597"}],"wp:term":[{"taxonomy":"category","embeddable":true,"href":"https:\/\/dev.agence-novo.com\/ec31\/wp-json\/wp\/v2\/categories?post=1597"},{"taxonomy":"post_tag","embeddable":true,"href":"https:\/\/dev.agence-novo.com\/ec31\/wp-json\/wp\/v2\/tags?post=1597"}],"curies":[{"name":"wp","href":"https:\/\/api.w.org\/{rel}","templated":true}]}}