{"id":1602,"date":"2024-01-17T18:14:49","date_gmt":"2024-01-17T17:14:49","guid":{"rendered":"https:\/\/energiesconcept31.fr\/?p=736"},"modified":"2024-12-06T14:18:49","modified_gmt":"2024-12-06T13:18:49","slug":"modification-de-la-prime-a-lautoconsommation-et-du-tarif-de-rachat-delectricite","status":"publish","type":"post","link":"https:\/\/dev.agence-novo.com\/ec31\/modification-de-la-prime-a-lautoconsommation-et-du-tarif-de-rachat-delectricite\/","title":{"rendered":"Modification de la Prime \u00e0 l\u2019autoconsommation et du tarif de rachat d\u2019\u00e9lectricit\u00e9"},"content":{"rendered":"<p><strong>Des informations importantes !<\/strong><\/p>\n<p><span style=\"color: #3a3a3a;\">Le 22 d\u00e9cembre 2023, un arr\u00eat\u00e9 que notre profession attendait depuis plusieurs mois a \u00e9t\u00e9 publi\u00e9 au Journal Officiel. Il vient r\u00e9viser l&rsquo;arr\u00eat\u00e9 tarifaire pr\u00e9c\u00e9dent datant du 6 octobre 2021.<\/span><\/p>\n<p><span style=\"color: #3a3a3a;\">En ce sens, la Commission de R\u00e9gulation de l&rsquo;\u00c9nergie (CRE) a notamment publi\u00e9 un article r\u00e9capitulatif des nouveaux tarifs et primes relatifs aux installations photovolta\u00efques que voici :<\/span><\/p>\n<p>&nbsp;<\/p>\n<p><img fetchpriority=\"high\" decoding=\"async\" class=\"wp-image-739 aligncenter\" src=\"https:\/\/energiesconcept31.fr\/wp-content\/uploads\/2024\/01\/TableauActu-300x76.png\" alt=\"\" width=\"651\" height=\"165\" \/><\/p>\n<p>&nbsp;<\/p>\n<p><span style=\"color: #3a3a3a;\">La tendance tarifaire \u00e9tait \u00e0 la hausse ces derni\u00e8res ann\u00e9es, ce qui n\u2019est pas le cas cette fois-ci du fait de plusieurs causes (baisse des co\u00fbts des panneaux photovolta\u00efques, volont\u00e9 de limiter le d\u00e9ficit du budget de la transition \u00e9nerg\u00e9tique, etc.).<\/span><\/p>\n<p><span style=\"color: #3a3a3a;\"><strong>Sachez que les installateurs ne maitrisent en aucun cas ces \u00e9volutions.<\/strong><\/span><\/p>\n<p><span style=\"color: #3a3a3a;\"><u>Par cons\u00e9quent, pour les demandes de raccordement compl\u00e8tes \u00e0 partir du 01\/11\/2023, les tarifs de la prime \u00e0 l\u2019autoconsommation sont d\u00e9sormais les suivants :<\/u><\/span><\/p>\n<ul>\n<li><span style=\"color: #3a3a3a;\">Pour une puissance \u00e9gale ou inf\u00e9rieure \u00e0 3 kWc : 370\u20ac\/kWc<\/span><\/li>\n<li><span style=\"color: #3a3a3a;\">Pour une puissance entre 3 et 9 kWc : 280 \u20ac \/ kWc<\/span><\/li>\n<li><span style=\"color: #3a3a3a;\">Pour une puissance entre 9 et 36 kWc : 200 \u20ac\/kWc<\/span><\/li>\n<\/ul>\n<p><span style=\"color: #3a3a3a;\">Pour une installation de 9 kWc ou moins, <strong>le tarif de rachat passe \u00e0 13 centimes d\u2019euros\/kWh<\/strong>.<\/span><\/p>\n<p><span style=\"color: #3a3a3a;\">Pour information, une demande de raccordement est compl\u00e8te lorsque vous avez r\u00e9ceptionn\u00e9 le mail ayant pour objet \u00ab Demande de raccordement compl\u00e8te \u00bb.<\/span><\/p>\n<p><span style=\"color: #3a3a3a;\"><em>Pour plus d\u2019informations, nous vous invitons \u00e0 lire l\u2019article suivant publi\u00e9 par la CRE en cliquant <a style=\"color: #3a3a3a;\" href=\"https:\/\/www.cre.fr\/actualites\/la-cre-publie-les-nouveaux-tarifs-et-primes-relatifs-aux-installations-photovoltaiques-implantees-sur-batiment-hangar-ou-ombriere-d-une-puissanc\" target=\"_blank\" rel=\"noopener\">ici<\/a>.<\/em><\/span><\/p>\n","protected":false},"excerpt":{"rendered":"<p>Cette semaine, retour sur une de nos derni\u00e8res installations de borne de recharge pour v\u00e9hicules \u00e9lectriques \/ hybrides rechargeables. Notre client nous a sollicit\u00e9 pour effectuer la pose d&rsquo;une borne \u00e9lectrique chez lui \u00e0 Villaudric (31). La borne pour laquelle il a opt\u00e9 est un de nos mod\u00e8le phare : la Copper SB en 7,4 kW de la marque espagnole Wallbox Chargers.<\/p>\n","protected":false},"author":1,"featured_media":1628,"comment_status":"closed","ping_status":"closed","sticky":false,"template":"","format":"standard","meta":{"_acf_changed":false,"footnotes":""},"categories":[1],"tags":[],"class_list":["post-1602","post","type-post","status-publish","format-standard","has-post-thumbnail","hentry","category-actu"],"acf":[],"_links":{"self":[{"href":"https:\/\/dev.agence-novo.com\/ec31\/wp-json\/wp\/v2\/posts\/1602","targetHints":{"allow":["GET"]}}],"collection":[{"href":"https:\/\/dev.agence-novo.com\/ec31\/wp-json\/wp\/v2\/posts"}],"about":[{"href":"https:\/\/dev.agence-novo.com\/ec31\/wp-json\/wp\/v2\/types\/post"}],"author":[{"embeddable":true,"href":"https:\/\/dev.agence-novo.com\/ec31\/wp-json\/wp\/v2\/users\/1"}],"replies":[{"embeddable":true,"href":"https:\/\/dev.agence-novo.com\/ec31\/wp-json\/wp\/v2\/comments?post=1602"}],"version-history":[{"count":3,"href":"https:\/\/dev.agence-novo.com\/ec31\/wp-json\/wp\/v2\/posts\/1602\/revisions"}],"predecessor-version":[{"id":1652,"href":"https:\/\/dev.agence-novo.com\/ec31\/wp-json\/wp\/v2\/posts\/1602\/revisions\/1652"}],"wp:featuredmedia":[{"embeddable":true,"href":"https:\/\/dev.agence-novo.com\/ec31\/wp-json\/wp\/v2\/media\/1628"}],"wp:attachment":[{"href":"https:\/\/dev.agence-novo.com\/ec31\/wp-json\/wp\/v2\/media?parent=1602"}],"wp:term":[{"taxonomy":"category","embeddable":true,"href":"https:\/\/dev.agence-novo.com\/ec31\/wp-json\/wp\/v2\/categories?post=1602"},{"taxonomy":"post_tag","embeddable":true,"href":"https:\/\/dev.agence-novo.com\/ec31\/wp-json\/wp\/v2\/tags?post=1602"}],"curies":[{"name":"wp","href":"https:\/\/api.w.org\/{rel}","templated":true}]}}