{"id":1603,"date":"2024-03-05T12:34:30","date_gmt":"2024-03-05T11:34:30","guid":{"rendered":"https:\/\/energiesconcept31.fr\/?p=774"},"modified":"2024-12-06T14:18:11","modified_gmt":"2024-12-06T13:18:11","slug":"avoir-une-borne-de-recharge-pour-voiture-electrique","status":"publish","type":"post","link":"https:\/\/dev.agence-novo.com\/ec31\/avoir-une-borne-de-recharge-pour-voiture-electrique\/","title":{"rendered":"La borne de recharge pour voiture \u00e9lectrique"},"content":{"rendered":"<p><span style=\"font-family: verdana, geneva, sans-serif; font-size: 10pt; color: #333333;\">Aujourd&rsquo;hui, ENERGIES CONCEPT vous parle de borne de recharge pour voiture \u00e9lectrique !<\/span><\/p>\n<p style=\"text-align: justify;\"><span style=\"color: #333333; font-family: verdana, geneva, sans-serif; font-size: 10pt;\">Transition \u00e9nerg\u00e9tique, impact environnemental, d\u00e9carbonisation, \u00e9nergies renouvelables, etc. Tant de termes pour un objectif\u00a0: r\u00e9duire notre impact sur l\u2019environnement.<\/span><\/p>\n<p style=\"text-align: justify;\"><span style=\"color: #333333; font-family: verdana, geneva, sans-serif; font-size: 10pt;\">Plusieurs solutions et gestes s\u2019offrent \u00e0 vous mais voici votre d\u00e9cision : acheter une voiture \u00e9lectrique, et ce plusieurs raisons\u2026<\/span><\/p>\n<ol style=\"text-align: justify;\">\n<li><span style=\"color: #333333; font-family: verdana, geneva, sans-serif; font-size: 10pt;\"><span style=\"color: #008080;\"><strong>\u00c9cologique\u00a0:<\/strong> <\/span>une voiture qui ne consomme aucune \u00e9nergie \u00e0 l\u2019arr\u00eat, \u00ab z\u00e9ro \u00e9mission \u00bb de particules fines polluantes et nocives pour votre sant\u00e9 et qui peut fonctionner \u00e0 l\u2019aide d\u2019\u00e9nergies renouvelables ;<\/span><\/li>\n<li><span style=\"color: #333333; font-family: verdana, geneva, sans-serif; font-size: 10pt;\"><span style=\"color: #008080;\"><strong>\u00c9conomique\u00a0:<\/strong><\/span> une voiture qui est \u00e0 l\u2019usage, trois fois moins cher qu\u2019une voiture thermique, gr\u00e2ce \u00e0 ses pleins moins on\u00e9reux, les aides propos\u00e9es par le gouvernement et sa faible consommation au quotidien ;<\/span><\/li>\n<li><span style=\"color: #333333; font-family: verdana, geneva, sans-serif; font-size: 10pt;\"><span style=\"color: #008080;\"><strong>Silence et dynamisme\u00a0:<\/strong> <\/span>une conduite sans \u00e0-coup, ni odeur et sans aucun bruit de moteur.<\/span><\/li>\n<\/ol>\n<p style=\"text-align: justify;\"><span style=\"color: #333333; font-family: verdana, geneva, sans-serif; font-size: 10pt;\">Et qui dit acquisition d\u2019une voiture \u00e9lectrique, dit borne de recharge pour voiture \u00e9lectrique. Mais quelles sont les solutions existantes ? Dois-je vraiment faire installer une borne de recharge ?<\/span><\/p>\n<p style=\"text-align: justify;\"><span style=\"color: #333333; font-family: verdana, geneva, sans-serif; font-size: 10pt;\">Dans ce dossier, nous allons vous parler des Infrastructures de Recharge de Voiture \u00c9lectrique (IRVE), de leur fonctionnement, de leur prix et des aides financi\u00e8res que vous pouvez obtenir pour leur pose.<\/span><\/p>\n<h2 style=\"text-align: justify;\"><span style=\"color: #003366;\"><strong><span style=\"font-size: 10pt; font-family: verdana, geneva, sans-serif;\">Quels sont les diff\u00e9rents types de bornes de recharge pour voiture \u00e9lectrique et comment fonctionnent-elles ?<\/span><\/strong><\/span><\/h2>\n<p style=\"text-align: justify;\"><span style=\"font-size: 10pt; font-family: verdana, geneva, sans-serif; color: #333333;\">Plusieurs solutions s\u2019offrent \u00e0 vous concernant la recharge de votre voiture \u00e9lectrique ou hybride rechargeable :<\/span><\/p>\n<h3 style=\"text-align: justify;\"><span style=\"font-size: 10pt; font-family: verdana, geneva, sans-serif; color: #333333;\"><strong><u>La prise domestique<\/u><\/strong><\/span><\/h3>\n<p style=\"text-align: justify;\"><span style=\"font-size: 10pt; font-family: verdana, geneva, sans-serif; color: #333333;\"><img fetchpriority=\"high\" decoding=\"async\" class=\"size-medium wp-image-773 aligncenter\" src=\"https:\/\/energiesconcept31.fr\/wp-content\/uploads\/2024\/03\/prise-domestique-energies-concept-300x169.jpg\" alt=\"prise-domestique-e\u0301nergies-concept\" width=\"300\" height=\"169\" \/><\/span><\/p>\n<p style=\"text-align: justify;\"><span style=\"font-size: 10pt; font-family: verdana, geneva, sans-serif; color: #333333;\">Il s\u2019agit du moyen le plus simple de charger votre voiture \u00e9lectrique, puisqu\u2019il est d\u00e9j\u00e0 pr\u00e9sent chez vous. La charge sur prise standard classique ne n\u00e9cessite donc aucun co\u00fbt d\u2019installation suppl\u00e9mentaire. N\u00e9anmoins, cette technique n\u2019est pas du tout recommand\u00e9e pour plusieurs raisons :<\/span><\/p>\n<ul style=\"text-align: justify;\">\n<li><span style=\"font-size: 10pt; font-family: verdana, geneva, sans-serif; color: #333333;\">Les risques de surchauffe en cas de r\u00e9seau \u00e9lectrique d\u00e9fectueux ou dont la puissance n\u2019est pas adapt\u00e9e.<\/span><\/li>\n<li><span style=\"font-size: 10pt; font-family: verdana, geneva, sans-serif; color: #333333;\">La recharge est tr\u00e8s lente. Comme nous l\u2019avons indiqu\u00e9 plus t\u00f4t pour dans ce dossier, elle se compte en heures voire en jours\u00a0!<\/span><\/li>\n<\/ul>\n<h3 style=\"text-align: justify;\"><span style=\"font-size: 10pt; font-family: verdana, geneva, sans-serif; color: #333333;\"><strong><u>La prise renforc\u00e9e<\/u><\/strong><\/span><\/h3>\n<h3 style=\"text-align: justify;\"><span style=\"font-size: 10pt; font-family: verdana, geneva, sans-serif; color: #333333;\"><strong><u><img decoding=\"async\" class=\"size-medium wp-image-770 aligncenter\" src=\"https:\/\/energiesconcept31.fr\/wp-content\/uploads\/2024\/03\/prise-renforcee-energies-concept-300x169.jpeg\" alt=\"prise-renforcee-e\u0301nergies-concept\" width=\"300\" height=\"169\" \/><\/u><\/strong><\/span><\/h3>\n<p style=\"text-align: justify;\"><span style=\"font-size: 10pt; font-family: verdana, geneva, sans-serif; color: #333333;\">Une prise renforc\u00e9e est une solution s\u2019apparentant \u00e0 une prise de courant classique mais plus efficace, puis puissante et plus s\u00e9curis\u00e9e. Elle est \u00e9galement \u00e9quip\u00e9e d\u2019un disjoncteur diff\u00e9rentiel, limitant dont les risques de surtension. Enfin, elle vous co\u00fbtera moins cher qu\u2019une borne de recharge. N\u00e9anmoins quelques inconv\u00e9nients sont tout de m\u00eame \u00e0 prendre en compte\u00a0:<\/span><\/p>\n<ul style=\"text-align: justify;\">\n<li><span style=\"font-size: 10pt; font-family: verdana, geneva, sans-serif; color: #333333;\">Vous ne pourrez b\u00e9n\u00e9ficier d\u2019aucun cr\u00e9dit d\u2019imp\u00f4t ou d\u2019aucune prime ADVENIR,<\/span><\/li>\n<li><span style=\"font-size: 10pt; font-family: verdana, geneva, sans-serif; color: #333333;\">Il vous faudra pr\u00e9voir un budget suppl\u00e9mentaire si le c\u00e2ble de recharge fourni par le constructeur de votre voiture n\u2019est pas adapt\u00e9 \u00e0 la prise,<\/span><\/li>\n<li><span style=\"font-size: 10pt; font-family: verdana, geneva, sans-serif; color: #333333;\">Le temps de recharge via une prise renforc\u00e9e reste toujours long pour une voiture \u00e9lectrique. En effet, c\u2019est un dispositif davantage adapt\u00e9 \u00e0 pour les hybrides rechargeables.<\/span><\/li>\n<\/ul>\n<h3 style=\"text-align: justify;\"><span style=\"font-size: 10pt; font-family: verdana, geneva, sans-serif; color: #333333;\"><strong><u>La borne de recharge<\/u><\/strong><\/span><\/h3>\n<p style=\"text-align: justify;\"><span style=\"font-size: 10pt; font-family: verdana, geneva, sans-serif; color: #333333;\"><img decoding=\"async\" class=\"size-medium wp-image-768 aligncenter\" src=\"https:\/\/energiesconcept31.fr\/wp-content\/uploads\/2024\/03\/Borne-de-Recharge-energies-concept-300x199.jpg\" alt=\"Borne-de-Recharge-e\u0301nergies-concept\" width=\"300\" height=\"199\" \/><\/span><\/p>\n<p style=\"text-align: justify;\"><span style=\"font-size: 10pt; font-family: verdana, geneva, sans-serif; color: #333333;\">La borne de recharge est la solution la plus adapt\u00e9e et s\u00e9curis\u00e9e pour la charge de votre voiture \u00e9lectrique. C\u2019est une solution :<\/span><\/p>\n<ul style=\"text-align: justify;\">\n<li><span style=\"font-size: 10pt; font-family: verdana, geneva, sans-serif; color: #333333;\">S\u00fbre,<\/span><\/li>\n<li><span style=\"font-size: 10pt; font-family: verdana, geneva, sans-serif; color: #333333;\">Rapide,<\/span><\/li>\n<li><span style=\"font-size: 10pt; font-family: verdana, geneva, sans-serif; color: #333333;\">\u00c9conomique,<\/span><\/li>\n<li><span style=\"font-size: 10pt; font-family: verdana, geneva, sans-serif; color: #333333;\">\u00c9cologique,<\/span><\/li>\n<li><span style=\"font-size: 10pt; font-family: verdana, geneva, sans-serif; color: #333333;\">Intelligente.<\/span><\/li>\n<\/ul>\n<p style=\"text-align: justify;\"><span style=\"font-size: 10pt; font-family: verdana, geneva, sans-serif; color: #333333;\">Dans le paragraphe suivant, nous allons vous dire pourquoi\u2026<\/span><\/p>\n<p style=\"text-align: justify;\"><span style=\"font-family: verdana, geneva, sans-serif; font-size: 10pt;\"><em><strong>Vous souhaitez en savoir plus concernant la solution la plus adapt\u00e9e \u00e0 vos besoins, contactez ENERGIES CONCEPT, sp\u00e9cialiste en \u00e9nergies renouvelables \u00e0 Toulouse, Ramonville-Saint-Agne, Balma, L\u2019Union, Aucamville, Blagnac, Colomiers, Tournefeuille et en Occitanie, au 05 54 54 92 93.<\/strong><\/em><\/span><\/p>\n<h2 style=\"text-align: justify;\"><span style=\"color: #003366; font-family: verdana, geneva, sans-serif; font-size: 10pt;\"><strong>Dois-je faire installer une borne de recharge pour voiture \u00e9lectrique \u00e0 Toulouse ?<\/strong><\/span><\/h2>\n<p style=\"text-align: justify;\"><span style=\"font-family: verdana, geneva, sans-serif; font-size: 10pt; color: #333333;\">Lorsque qu\u2019on ach\u00e8te une voiture \u00e9lectrique, on pense souvent \u00e0 sa charge quotidienne. S\u2019il faut autour de 30 minutes pour r\u00e9cup\u00e9rer 70% de sa charge avec une infrastructure de charge rapide, la recharge de votre voiture \u00e9lectrique gr\u00e2ce \u00e0 une prise domestique se compte en heures voire en jours. Alors oui, au quotidien, vous n\u2019aurez peut-\u00eatre pas besoin de 70% de la capacit\u00e9 de votre batterie.<\/span><\/p>\n<p style=\"text-align: justify;\"><span style=\"font-family: verdana, geneva, sans-serif; font-size: 10pt; color: #333333;\">Si vous parcourez moins de 150 kms par jour, une charge sur prise domestique peut \u00eatre suffisante. Sachez que votre voiture r\u00e9cup\u00e9rera aux environs de 15 kms d\u2019autonomie par heure de charge.<\/span><\/p>\n<p style=\"text-align: justify;\"><span style=\"font-family: verdana, geneva, sans-serif; font-size: 10pt; color: #333333;\">N\u00e9anmoins sachez qu\u2019avoir une <a href=\"https:\/\/energiesconcept31.fr\/borne-de-recharge-pour-vehicule-electrique\/\" target=\"_blank\" rel=\"noopener\">infrastructure de recharge<\/a> adapt\u00e9e au quotidien pr\u00e9sente plusieurs avantages ind\u00e9niables\u00a0:<\/span><\/p>\n<ul>\n<li><span style=\"font-family: verdana, geneva, sans-serif; font-size: 10pt; color: #333333;\"><span style=\"color: #008080;\"><strong>Une solution s\u00fbre :<\/strong><\/span> une borne de recharge vous pr\u00e9munit de court-circuit ou \u00e9ventuels probl\u00e8mes techniques. Par ailleurs, oubliez l\u2019utilisation de vos propres rallonges. Lors de son installation, votre borne de recharge est raccord\u00e9e par c\u00e2ble \u00e0 un circuit prot\u00e9g\u00e9 et poss\u00e8de son propre disjoncteur. En cas de probl\u00e8me, le dispositif se met donc en mode \u00ab s\u00e9curit\u00e9 \u00bb, stoppant alors tout rechargement.<\/span><\/li>\n<li><span style=\"font-family: verdana, geneva, sans-serif; font-size: 10pt; color: #333333;\"><span style=\"color: #008080;\"><strong>Une solution rapide :<\/strong> <\/span>comme nous l\u2019avons d\u00e9j\u00e0 \u00e9voqu\u00e9, la recharge via prise domestiques est tr\u00e8s lente. Sachez que la puissance de votre borne de recharge est d\u00e9finie selon vos besoins quotidiens en tant qu\u2019automobiliste mais \u00e9galement selon votre installation \u00e9lectrique actuelle. ENERGIES CONCEPT vous aide \u00e0 d\u00e9finir quelle est l\u2019infrastructure de recharge la plus adapt\u00e9e selon ces 2 facteurs, contactez-nous en cliquant ici :<\/span><\/li>\n<li><span style=\"font-family: verdana, geneva, sans-serif; font-size: 10pt; color: #333333;\"><span style=\"color: #008080;\"><strong>Une solution \u00e9conomique :<\/strong> <\/span>vous n\u2019aurez jamais l\u2019assurance de trouver une borne de recharge publique sur votre route ! Et si vous en trouvez une, sachez que le tarif pour recharger votre voiture n\u2019est pas le m\u00eame qu\u2019\u00e0 domicile. Il peut atteindre jusqu\u2019\u00e0 0,90 \u20ac\/kWh pour une infrastructure \u00e0 charge rapide. Tandis que selon votre fournisseur d\u2019\u00e9lectricit\u00e9, ce tarif varie globalement entre 0,24 \u20ac\/kWh et 0,34 \u20ac\/kWh. Votre borne de recharge, coupl\u00e9e avec une installation photovolta\u00efque, vous permettra de baisser ce pris d\u2019en moyenne 0,10 \u20ac\/kWh. Exemple pour 100 km \u00e0 parcourir :<\/span>\n<ul>\n<li><span style=\"font-family: verdana, geneva, sans-serif; font-size: 10pt; color: #333333;\">Entre 3,80 \u20ac et 4,60 \u20ac pour une recharge \u00e0 domicile<\/span><\/li>\n<li><span style=\"font-family: verdana, geneva, sans-serif; font-size: 10pt; color: #333333;\">Environ 6 \u20ac pour une recharge dans une station publique<\/span><\/li>\n<\/ul>\n<\/li>\n<li><span style=\"font-family: verdana, geneva, sans-serif; font-size: 10pt; color: #333333;\"><span style=\"color: #008080;\"><strong>Une solution \u00e9cologique\u00a0:<\/strong> <\/span>en couplant votre borne de recharge \u00e0 une installation photovolta\u00efque voir \u00e0 une batterie domestique, vous contribuez fortement \u00e0 prendre soin de la plan\u00e8te\u00a0! Renseignez-vous aupr\u00e8s d\u2019ENERGIES CONCEPT, expert en \u00e9nergies renouvelables, qui saura vous proposer une solution compl\u00e8te et adapt\u00e9e \u00e0 vos besoins\u00a0:<\/span><\/li>\n<li><span style=\"color: #333333;\"><span style=\"font-family: verdana, geneva, sans-serif; font-size: 10pt; color: #008080;\"><strong>Une solution intelligente :<\/strong> <\/span><span style=\"font-family: verdana, geneva, sans-serif; font-size: 10pt;\">les bornes de recharge domestiques actuelles sont la plupart du temps connect\u00e9es. Il est donc simple de s\u2019y connecter, suivre la progression de votre charge via votre smartphone. Encore une fois, associ\u00e9e \u00e0 une solution photovolta\u00efque, elle vous permettra d\u2019utiliser de mani\u00e8re optimale votre production d\u2019\u00e9lectricit\u00e9\u00a0!<\/span><\/span><\/li>\n<\/ul>\n<p style=\"text-align: center;\">D\u00e9couvrez nos prestations d&rsquo;installation d&rsquo;infrastructures de recharge pour v\u00e9hicules \u00e9lectriques.<\/p>\n<h2 style=\"text-align: justify;\"><span style=\"color: #003366;\"><strong><span style=\"font-size: 10pt; font-family: verdana, geneva, sans-serif;\">Quel est le prix d\u2019une borne de recharge pour voiture \u00e9lectrique \u00e0 Toulouse et quelles sont les aides existantes ?<\/span><\/strong><\/span><\/h2>\n<p style=\"text-align: justify;\"><span style=\"font-family: verdana, geneva, sans-serif; font-size: 10pt; color: #333333;\">Les prix des diff\u00e9rents syst\u00e8mes de recharge que nous vous avons pr\u00e9sent\u00e9s varient d\u2019environ 500 euros pour une prise renforc\u00e9e (installation comprise) \u00e0 environ 1 200 \u00e0 2 000 euros pour une borne de recharge.<\/span><\/p>\n<p style=\"text-align: justify;\"><span style=\"font-family: verdana, geneva, sans-serif; font-size: 10pt; color: #333333;\">Ce prix peut sembler cher par rapport \u00e0 la prise renforc\u00e9e mais vous aurez un mat\u00e9riel bien plus efficace, plus puissance et une charge beaucoup plus rapide\u00a0!<\/span><\/p>\n<p style=\"text-align: justify;\"><span style=\"font-family: verdana, geneva, sans-serif; font-size: 10pt; color: #333333;\">Par ailleurs, en installant une <strong>borne de recharge<\/strong> \u00e0 votre domicile, vous b\u00e9n\u00e9ficiez\u00a0:<\/span><\/p>\n<ul>\n<li><span style=\"font-family: verdana, geneva, sans-serif; font-size: 10pt; color: #333333;\"><span style=\"color: #008080;\"><strong>D\u2019une aide sous forme d\u2019un cr\u00e9dit d\u2019imp\u00f4t de 500 euros.<\/strong><\/span> Ce cr\u00e9dit d\u2019imp\u00f4t est conditionn\u00e9 aux points suivants\u00a0:<\/span>\n<ul>\n<li><span style=\"font-family: verdana, geneva, sans-serif; font-size: 10pt; color: #333333;\">Installer un syst\u00e8me de charge pilote, g\u00e9n\u00e9ralement int\u00e9gr\u00e9 aux bornes des recharges actuelles,<\/span><\/li>\n<li><span style=\"font-family: verdana, geneva, sans-serif; font-size: 10pt; color: #333333;\">\u00catre propri\u00e9taire, locataire ou occupant \u00e0 titre gratuit d\u2019une r\u00e9sidence principale et\/ou r\u00e9sidence secondaire,<\/span><\/li>\n<li><span style=\"font-family: verdana, geneva, sans-serif; font-size: 10pt; color: #333333;\">Justifier d\u2019une domiciliation fiscale en France,<\/span><\/li>\n<li><span style=\"font-family: verdana, geneva, sans-serif; font-size: 10pt; color: #333333;\">Faire appel \u00e0 un professionnel qualifi\u00e9 en IRVE.<\/span><\/li>\n<\/ul>\n<\/li>\n<li><span style=\"font-family: verdana, geneva, sans-serif; font-size: 10pt; color: #333333;\"><span style=\"color: #008080;\"><strong>D\u2019une TVA r\u00e9duite \u00e0 5,5%.<\/strong> <\/span>Cette r\u00e9duction de TVA est conditionn\u00e9e aux points suivants\u00a0:<\/span>\n<ul>\n<li><span style=\"font-family: verdana, geneva, sans-serif; font-size: 10pt; color: #333333;\">\u00catre un particulier,<\/span><\/li>\n<li><span style=\"font-family: verdana, geneva, sans-serif; font-size: 10pt; color: #333333;\">Avoir une facture unique pour l\u2019achat et l\u2019installation de la borne,<\/span><\/li>\n<li><span style=\"font-family: verdana, geneva, sans-serif; font-size: 10pt; color: #333333;\">Faire appel \u00e0 un professionnel qualifi\u00e9 en IRVE,<\/span><\/li>\n<li><span style=\"font-family: verdana, geneva, sans-serif; font-size: 10pt; color: #333333;\">Installer une borne respectant la norme NF C 15-100 en vigueur.<\/span><\/li>\n<\/ul>\n<\/li>\n<\/ul>\n<p style=\"text-align: justify;\"><span style=\"font-family: verdana, geneva, sans-serif; font-size: 10pt; color: #333333;\">En effet, vous ne pourrez b\u00e9n\u00e9ficier de ces aides dans le cas de la pose d\u2019une prise renforc\u00e9e.<\/span><\/p>\n<p><span style=\"font-family: verdana, geneva, sans-serif; font-size: 10pt; color: #333333;\">Dans certains cas, vous pouvez, en tant que particulier, b\u00e9n\u00e9ficier d&rsquo;une prime ADVENIR (notamment concernant l&rsquo;installation de borne de recharge pour voiture \u00e9lectrique en r\u00e9sidentiel collectif). Pour savoir si vous \u00eates \u00e9ligibles, cliquez-ici : <a title=\"Simulateur Prime ADVENIR\" href=\"https:\/\/advenir.mobi\/beneficier-dadvenir\/\" target=\"_blank\" rel=\"noopener\">Simulateur Prime ADVENIR<\/a><\/span><\/p>\n<p style=\"text-align: justify;\"><strong><span style=\"font-family: verdana, geneva, sans-serif; font-size: 10pt;\"><em>ENERGIES CONCEPT, entreprise sp\u00e9cialis\u00e9e dans les \u00e9nergies renouvelables \u00e0 Toulouse, Ramonville-Saint-Agne, Balma, L\u2019Union, Aucamville, Blagnac, Colomiers, Tournefeuille et en Occitanie, \u00e9tudie votre projet de pose d\u2019infrastructure de recharge pour voiture \u00e9lectrique pour vous proposer une solution adapt\u00e9e \u00e0 vos besoins en termes de prises renforc\u00e9e ou borne de recharge. Contactez-nous au 05 54 54 92 93.<\/em><\/span><\/strong><\/p>\n","protected":false},"excerpt":{"rendered":"<p>Aujourd&rsquo;hui, ENERGIES CONCEPT vous parle de borne de recharge pour voiture \u00e9lectrique ! Transition \u00e9nerg\u00e9tique, impact environnemental, d\u00e9carbonisation, \u00e9nergies renouvelables, etc. Tant de termes pour un objectif\u00a0: r\u00e9duire notre impact sur l\u2019environnement. Plusieurs solutions et gestes s\u2019offrent \u00e0 vous mais voici votre d\u00e9cision : acheter une voiture \u00e9lectrique, et ce plusieurs raisons\u2026 \u00c9cologique\u00a0: une voiture [&hellip;]<\/p>\n","protected":false},"author":1,"featured_media":1626,"comment_status":"closed","ping_status":"closed","sticky":false,"template":"","format":"standard","meta":{"_acf_changed":false,"footnotes":""},"categories":[7],"tags":[],"class_list":["post-1603","post","type-post","status-publish","format-standard","has-post-thumbnail","hentry","category-dossier"],"acf":[],"_links":{"self":[{"href":"https:\/\/dev.agence-novo.com\/ec31\/wp-json\/wp\/v2\/posts\/1603","targetHints":{"allow":["GET"]}}],"collection":[{"href":"https:\/\/dev.agence-novo.com\/ec31\/wp-json\/wp\/v2\/posts"}],"about":[{"href":"https:\/\/dev.agence-novo.com\/ec31\/wp-json\/wp\/v2\/types\/post"}],"author":[{"embeddable":true,"href":"https:\/\/dev.agence-novo.com\/ec31\/wp-json\/wp\/v2\/users\/1"}],"replies":[{"embeddable":true,"href":"https:\/\/dev.agence-novo.com\/ec31\/wp-json\/wp\/v2\/comments?post=1603"}],"version-history":[{"count":2,"href":"https:\/\/dev.agence-novo.com\/ec31\/wp-json\/wp\/v2\/posts\/1603\/revisions"}],"predecessor-version":[{"id":1650,"href":"https:\/\/dev.agence-novo.com\/ec31\/wp-json\/wp\/v2\/posts\/1603\/revisions\/1650"}],"wp:featuredmedia":[{"embeddable":true,"href":"https:\/\/dev.agence-novo.com\/ec31\/wp-json\/wp\/v2\/media\/1626"}],"wp:attachment":[{"href":"https:\/\/dev.agence-novo.com\/ec31\/wp-json\/wp\/v2\/media?parent=1603"}],"wp:term":[{"taxonomy":"category","embeddable":true,"href":"https:\/\/dev.agence-novo.com\/ec31\/wp-json\/wp\/v2\/categories?post=1603"},{"taxonomy":"post_tag","embeddable":true,"href":"https:\/\/dev.agence-novo.com\/ec31\/wp-json\/wp\/v2\/tags?post=1603"}],"curies":[{"name":"wp","href":"https:\/\/api.w.org\/{rel}","templated":true}]}}